{"id":2174,"date":"2022-08-03T15:23:31","date_gmt":"2022-08-03T15:23:31","guid":{"rendered":"https:\/\/dsds.com.mx\/?p=2174"},"modified":"2022-08-03T15:23:36","modified_gmt":"2022-08-03T15:23:36","slug":"noticias-fiscales-2022-81-shcp-informes-sobre-la-situacion-economica-las-finanzas-publicas-y-la-deuda-publica-al-segundo-trimestre-de-2022","status":"publish","type":"post","link":"https:\/\/dsds.com.mx\/en\/noticias-fiscales-2022-81-shcp-informes-sobre-la-situacion-economica-las-finanzas-publicas-y-la-deuda-publica-al-segundo-trimestre-de-2022\/","title":{"rendered":"NOTICIAS-FISCALES-2022-81 SHCP \/ Informes sobre la Situaci\u00f3n Econ\u00f3mica, las Finanzas P\u00fablicas y la Deuda P\u00fablica al segundo trimestre de 2022"},"content":{"rendered":"<p>3\/Ago\/2022<\/p>\n\n\n\n<hr class=\"wp-block-separator has-alpha-channel-opacity\"\/>\n\n\n\n<p>La Secretar\u00eda de Hacienda y Cr\u00e9dito P\u00fablico dio a conocer los \u201cInformes sobre la Situaci\u00f3n Econ\u00f3mica, las Finanzas P\u00fablicas y la Deuda P\u00fablica al segundo trimestre de 2022\u201d, que contemplan:<\/p>\n\n\n\n<ol class=\"wp-block-list\"><li>A lo largo del segundo trimestre, la econom\u00eda global enfrent\u00f3 retos importantes caracterizados por los efectos de las tensiones geopol\u00edticas, la prolongaci\u00f3n de las disrupciones en las cadenas de valor, la volatilidad en los mercados financieros y los elevados precios de las materias primas y alimentos, que despu\u00e9s de alcanzar m\u00e1ximos hist\u00f3ricos comenzaron a descender a finales de junio.<\/li><li>El FMI redujo su expectativa de crecimiento global al pasar de 3.6 a 3.2% anual para 2022.<\/li><li>Con respecto a la econom\u00eda mexicana, en el segundo trimestre del a\u00f1o, la actividad econ\u00f3mica se desempe\u00f1\u00f3 positivamente en el agregado, aunque algunas industrias a\u00fan enfrentan retos importantes derivados de la compleja situaci\u00f3n econ\u00f3mica a nivel mundial, as\u00ed como las presiones inflacionarias y la evoluci\u00f3n de los contagios por COVID-19.<\/li><li>La estimaci\u00f3n oportuna del PIB para el segundo trimestre del a\u00f1o registr\u00f3 un crecimiento trimestral de 1%, con cifras ajustadas por estacionalidad y acumul\u00f3 2% de crecimiento anual en lo que va del a\u00f1o.<\/li><\/ol>\n\n\n\n<p>Si desea ver el contenido completo, d\u00e9 clic en la siguiente liga:<\/p>\n\n\n\n<p><a href=\"https:\/\/www.gob.mx\/shcp\/prensa\/comunicado-no-54-informes-sobre-la-situacion-economica-las-finanzas-publicas-y-la-deuda-publica-al-segundo-trimestre-de-2022\">https:\/\/www.gob.mx\/shcp\/prensa\/comunicado-no-54-informes-sobre-la-situacion-economica-las-finanzas-publicas-y-la-deuda-publica-al-segundo-trimestre-de-2022<\/a><\/p>\n\n\n\n<p>Descarga el archivo,\u00a0<a href=\"https:\/\/imcp.org.mx\/wp-content\/uploads\/2022\/08\/NOTICIAS-FISCALES-2022-81.pdf\">aqu\u00ed.<\/a><\/p>\n\n\n\n<figure class=\"wp-block-image size-full\"><img decoding=\"async\" width=\"300\" height=\"71\" src=\"https:\/\/dsds.com.mx\/wp-content\/uploads\/2022\/08\/image-7.png\" alt=\"\" class=\"wp-image-2175\" srcset=\"https:\/\/dsds.com.mx\/wp-content\/uploads\/2022\/08\/image-7.png 300w, https:\/\/dsds.com.mx\/wp-content\/uploads\/2022\/08\/image-7-18x4.png 18w\" sizes=\"(max-width: 300px) 100vw, 300px\" \/><\/figure>","protected":false},"excerpt":{"rendered":"<p>3\/Ago\/2022 La Secretar\u00eda de Hacienda y Cr\u00e9dito P\u00fablico dio a conocer los \u201cInformes sobre la Situaci\u00f3n Econ\u00f3mica, las Finanzas P\u00fablicas y la Deuda P\u00fablica al segundo trimestre de 2022\u201d, que contemplan: A lo largo del segundo trimestre, la econom\u00eda global enfrent\u00f3 retos importantes caracterizados por los efectos de las tensiones geopol\u00edticas, la prolongaci\u00f3n de las [&hellip;]<\/p>","protected":false},"author":2,"featured_media":0,"comment_status":"open","ping_status":"closed","sticky":false,"template":"","format":"standard","meta":{"footnotes":""},"categories":[1],"tags":[],"class_list":["post-2174","post","type-post","status-publish","format-standard","hentry","category-sin-categoria"],"yoast_head":"<!-- This site is optimized with the Yoast SEO plugin v26.6 - https:\/\/yoast.com\/wordpress\/plugins\/seo\/ -->\n<title>Contadores p\u00fablico | \u00a0Duran Silva Samano<\/title>\n<meta name=\"description\" content=\"La especializaci\u00f3n de nuestros directores y colaboradores garantizan el crecimiento y \u00e9xito de nuestra empresa brindando la mejor soluci\u00f3n para cada uno de nuestros clientes\" \/>\n<meta name=\"robots\" content=\"index, follow, max-snippet:-1, max-image-preview:large, max-video-preview:-1\" \/>\n<link rel=\"canonical\" href=\"https:\/\/dsds.com.mx\/en\/noticias-fiscales-2022-81-shcp-informes-sobre-la-situacion-economica-las-finanzas-publicas-y-la-deuda-publica-al-segundo-trimestre-de-2022\/\" \/>\n<meta property=\"og:locale\" content=\"en_US\" \/>\n<meta property=\"og:type\" content=\"article\" \/>\n<meta property=\"og:title\" content=\"Contadores p\u00fablico | \u00a0Duran Silva Samano\" \/>\n<meta property=\"og:description\" content=\"La especializaci\u00f3n de nuestros directores y colaboradores garantizan el crecimiento y \u00e9xito de nuestra empresa brindando la mejor soluci\u00f3n para cada uno de nuestros clientes\" \/>\n<meta property=\"og:url\" content=\"https:\/\/dsds.com.mx\/en\/noticias-fiscales-2022-81-shcp-informes-sobre-la-situacion-economica-las-finanzas-publicas-y-la-deuda-publica-al-segundo-trimestre-de-2022\/\" \/>\n<meta property=\"og:site_name\" content=\"Samano Duran Silva\" \/>\n<meta property=\"article:published_time\" content=\"2022-08-03T15:23:31+00:00\" \/>\n<meta property=\"article:modified_time\" content=\"2022-08-03T15:23:36+00:00\" \/>\n<meta property=\"og:image\" content=\"https:\/\/dsds.com.mx\/wp-content\/uploads\/2022\/08\/image-7.png\" \/>\n<meta name=\"author\" content=\"DuranAdmin\" \/>\n<meta name=\"twitter:card\" content=\"summary_large_image\" \/>\n<meta name=\"twitter:label1\" content=\"Written by\" \/>\n\t<meta name=\"twitter:data1\" content=\"DuranAdmin\" \/>\n\t<meta name=\"twitter:label2\" content=\"Est. reading time\" \/>\n\t<meta name=\"twitter:data2\" content=\"2 minutes\" \/>\n<script type=\"application\/ld+json\" class=\"yoast-schema-graph\">{\"@context\":\"https:\/\/schema.org\",\"@graph\":[{\"@type\":\"Article\",\"@id\":\"https:\/\/dsds.com.mx\/noticias-fiscales-2022-81-shcp-informes-sobre-la-situacion-economica-las-finanzas-publicas-y-la-deuda-publica-al-segundo-trimestre-de-2022\/#article\",\"isPartOf\":{\"@id\":\"https:\/\/dsds.com.mx\/noticias-fiscales-2022-81-shcp-informes-sobre-la-situacion-economica-las-finanzas-publicas-y-la-deuda-publica-al-segundo-trimestre-de-2022\/\"},\"author\":{\"name\":\"DuranAdmin\",\"@id\":\"https:\/\/dsds.com.mx\/#\/schema\/person\/19f686523fe793bcd8c9f7087e870dc0\"},\"headline\":\"NOTICIAS-FISCALES-2022-81 SHCP \/ Informes sobre la Situaci\u00f3n Econ\u00f3mica, las Finanzas P\u00fablicas y la Deuda P\u00fablica al segundo trimestre de 2022\",\"datePublished\":\"2022-08-03T15:23:31+00:00\",\"dateModified\":\"2022-08-03T15:23:36+00:00\",\"mainEntityOfPage\":{\"@id\":\"https:\/\/dsds.com.mx\/noticias-fiscales-2022-81-shcp-informes-sobre-la-situacion-economica-las-finanzas-publicas-y-la-deuda-publica-al-segundo-trimestre-de-2022\/\"},\"wordCount\":255,\"commentCount\":0,\"publisher\":{\"@id\":\"https:\/\/dsds.com.mx\/#organization\"},\"image\":{\"@id\":\"https:\/\/dsds.com.mx\/noticias-fiscales-2022-81-shcp-informes-sobre-la-situacion-economica-las-finanzas-publicas-y-la-deuda-publica-al-segundo-trimestre-de-2022\/#primaryimage\"},\"thumbnailUrl\":\"https:\/\/dsds.com.mx\/wp-content\/uploads\/2022\/08\/image-7.png\",\"articleSection\":[\"Sin categor\u00eda\"],\"inLanguage\":\"en-US\",\"potentialAction\":[{\"@type\":\"CommentAction\",\"name\":\"Comment\",\"target\":[\"https:\/\/dsds.com.mx\/noticias-fiscales-2022-81-shcp-informes-sobre-la-situacion-economica-las-finanzas-publicas-y-la-deuda-publica-al-segundo-trimestre-de-2022\/#respond\"]}]},{\"@type\":\"WebPage\",\"@id\":\"https:\/\/dsds.com.mx\/noticias-fiscales-2022-81-shcp-informes-sobre-la-situacion-economica-las-finanzas-publicas-y-la-deuda-publica-al-segundo-trimestre-de-2022\/\",\"url\":\"https:\/\/dsds.com.mx\/noticias-fiscales-2022-81-shcp-informes-sobre-la-situacion-economica-las-finanzas-publicas-y-la-deuda-publica-al-segundo-trimestre-de-2022\/\",\"name\":\"Contadores p\u00fablico | \u00a0Duran Silva Samano\",\"isPartOf\":{\"@id\":\"https:\/\/dsds.com.mx\/#website\"},\"primaryImageOfPage\":{\"@id\":\"https:\/\/dsds.com.mx\/noticias-fiscales-2022-81-shcp-informes-sobre-la-situacion-economica-las-finanzas-publicas-y-la-deuda-publica-al-segundo-trimestre-de-2022\/#primaryimage\"},\"image\":{\"@id\":\"https:\/\/dsds.com.mx\/noticias-fiscales-2022-81-shcp-informes-sobre-la-situacion-economica-las-finanzas-publicas-y-la-deuda-publica-al-segundo-trimestre-de-2022\/#primaryimage\"},\"thumbnailUrl\":\"https:\/\/dsds.com.mx\/wp-content\/uploads\/2022\/08\/image-7.png\",\"datePublished\":\"2022-08-03T15:23:31+00:00\",\"dateModified\":\"2022-08-03T15:23:36+00:00\",\"description\":\"La especializaci\u00f3n de nuestros directores y colaboradores garantizan el crecimiento y \u00e9xito de nuestra empresa brindando la mejor soluci\u00f3n para cada uno de nuestros clientes\",\"breadcrumb\":{\"@id\":\"https:\/\/dsds.com.mx\/noticias-fiscales-2022-81-shcp-informes-sobre-la-situacion-economica-las-finanzas-publicas-y-la-deuda-publica-al-segundo-trimestre-de-2022\/#breadcrumb\"},\"inLanguage\":\"en-US\",\"potentialAction\":[{\"@type\":\"ReadAction\",\"target\":[\"https:\/\/dsds.com.mx\/noticias-fiscales-2022-81-shcp-informes-sobre-la-situacion-economica-las-finanzas-publicas-y-la-deuda-publica-al-segundo-trimestre-de-2022\/\"]}]},{\"@type\":\"ImageObject\",\"inLanguage\":\"en-US\",\"@id\":\"https:\/\/dsds.com.mx\/noticias-fiscales-2022-81-shcp-informes-sobre-la-situacion-economica-las-finanzas-publicas-y-la-deuda-publica-al-segundo-trimestre-de-2022\/#primaryimage\",\"url\":\"https:\/\/dsds.com.mx\/wp-content\/uploads\/2022\/08\/image-7.png\",\"contentUrl\":\"https:\/\/dsds.com.mx\/wp-content\/uploads\/2022\/08\/image-7.png\"},{\"@type\":\"BreadcrumbList\",\"@id\":\"https:\/\/dsds.com.mx\/noticias-fiscales-2022-81-shcp-informes-sobre-la-situacion-economica-las-finanzas-publicas-y-la-deuda-publica-al-segundo-trimestre-de-2022\/#breadcrumb\",\"itemListElement\":[{\"@type\":\"ListItem\",\"position\":1,\"name\":\"Inicio\",\"item\":\"https:\/\/dsds.com.mx\/\"},{\"@type\":\"ListItem\",\"position\":2,\"name\":\"NOTICIAS-FISCALES-2022-81 SHCP \/ Informes sobre la Situaci\u00f3n Econ\u00f3mica, las Finanzas P\u00fablicas y la Deuda P\u00fablica al segundo trimestre de 2022\"}]},{\"@type\":\"WebSite\",\"@id\":\"https:\/\/dsds.com.mx\/#website\",\"url\":\"https:\/\/dsds.com.mx\/\",\"name\":\"Samano Duran Silva\",\"description\":\"Contadores p\u00fablicos  \",\"publisher\":{\"@id\":\"https:\/\/dsds.com.mx\/#organization\"},\"potentialAction\":[{\"@type\":\"SearchAction\",\"target\":{\"@type\":\"EntryPoint\",\"urlTemplate\":\"https:\/\/dsds.com.mx\/?s={search_term_string}\"},\"query-input\":{\"@type\":\"PropertyValueSpecification\",\"valueRequired\":true,\"valueName\":\"search_term_string\"}}],\"inLanguage\":\"en-US\"},{\"@type\":\"Organization\",\"@id\":\"https:\/\/dsds.com.mx\/#organization\",\"name\":\"Duran Silva Samano\",\"url\":\"https:\/\/dsds.com.mx\/\",\"logo\":{\"@type\":\"ImageObject\",\"inLanguage\":\"en-US\",\"@id\":\"https:\/\/dsds.com.mx\/#\/schema\/logo\/image\/\",\"url\":\"https:\/\/dsds.com.mx\/wp-content\/uploads\/2022\/02\/cropped-duran-silva-samano-2.png\",\"contentUrl\":\"https:\/\/dsds.com.mx\/wp-content\/uploads\/2022\/02\/cropped-duran-silva-samano-2.png\",\"width\":197,\"height\":75,\"caption\":\"Duran Silva Samano\"},\"image\":{\"@id\":\"https:\/\/dsds.com.mx\/#\/schema\/logo\/image\/\"}},{\"@type\":\"Person\",\"@id\":\"https:\/\/dsds.com.mx\/#\/schema\/person\/19f686523fe793bcd8c9f7087e870dc0\",\"name\":\"DuranAdmin\",\"url\":\"https:\/\/dsds.com.mx\/en\/author\/duranadmin\/\"}]}<\/script>\n<!-- \/ Yoast SEO plugin. -->","yoast_head_json":{"title":"Contadores p\u00fablico | \u00a0Duran Silva Samano","description":"La especializaci\u00f3n de nuestros directores y colaboradores garantizan el crecimiento y \u00e9xito de nuestra empresa brindando la mejor soluci\u00f3n para cada uno de nuestros clientes","robots":{"index":"index","follow":"follow","max-snippet":"max-snippet:-1","max-image-preview":"max-image-preview:large","max-video-preview":"max-video-preview:-1"},"canonical":"https:\/\/dsds.com.mx\/en\/noticias-fiscales-2022-81-shcp-informes-sobre-la-situacion-economica-las-finanzas-publicas-y-la-deuda-publica-al-segundo-trimestre-de-2022\/","og_locale":"en_US","og_type":"article","og_title":"Contadores p\u00fablico | \u00a0Duran Silva Samano","og_description":"La especializaci\u00f3n de nuestros directores y colaboradores garantizan el crecimiento y \u00e9xito de nuestra empresa brindando la mejor soluci\u00f3n para cada uno de nuestros clientes","og_url":"https:\/\/dsds.com.mx\/en\/noticias-fiscales-2022-81-shcp-informes-sobre-la-situacion-economica-las-finanzas-publicas-y-la-deuda-publica-al-segundo-trimestre-de-2022\/","og_site_name":"Samano Duran Silva","article_published_time":"2022-08-03T15:23:31+00:00","article_modified_time":"2022-08-03T15:23:36+00:00","og_image":[{"url":"https:\/\/dsds.com.mx\/wp-content\/uploads\/2022\/08\/image-7.png","type":"","width":"","height":""}],"author":"DuranAdmin","twitter_card":"summary_large_image","twitter_misc":{"Written by":"DuranAdmin","Est. reading time":"2 minutes"},"schema":{"@context":"https:\/\/schema.org","@graph":[{"@type":"Article","@id":"https:\/\/dsds.com.mx\/noticias-fiscales-2022-81-shcp-informes-sobre-la-situacion-economica-las-finanzas-publicas-y-la-deuda-publica-al-segundo-trimestre-de-2022\/#article","isPartOf":{"@id":"https:\/\/dsds.com.mx\/noticias-fiscales-2022-81-shcp-informes-sobre-la-situacion-economica-las-finanzas-publicas-y-la-deuda-publica-al-segundo-trimestre-de-2022\/"},"author":{"name":"DuranAdmin","@id":"https:\/\/dsds.com.mx\/#\/schema\/person\/19f686523fe793bcd8c9f7087e870dc0"},"headline":"NOTICIAS-FISCALES-2022-81 SHCP \/ Informes sobre la Situaci\u00f3n Econ\u00f3mica, las Finanzas P\u00fablicas y la Deuda P\u00fablica al segundo trimestre de 2022","datePublished":"2022-08-03T15:23:31+00:00","dateModified":"2022-08-03T15:23:36+00:00","mainEntityOfPage":{"@id":"https:\/\/dsds.com.mx\/noticias-fiscales-2022-81-shcp-informes-sobre-la-situacion-economica-las-finanzas-publicas-y-la-deuda-publica-al-segundo-trimestre-de-2022\/"},"wordCount":255,"commentCount":0,"publisher":{"@id":"https:\/\/dsds.com.mx\/#organization"},"image":{"@id":"https:\/\/dsds.com.mx\/noticias-fiscales-2022-81-shcp-informes-sobre-la-situacion-economica-las-finanzas-publicas-y-la-deuda-publica-al-segundo-trimestre-de-2022\/#primaryimage"},"thumbnailUrl":"https:\/\/dsds.com.mx\/wp-content\/uploads\/2022\/08\/image-7.png","articleSection":["Sin categor\u00eda"],"inLanguage":"en-US","potentialAction":[{"@type":"CommentAction","name":"Comment","target":["https:\/\/dsds.com.mx\/noticias-fiscales-2022-81-shcp-informes-sobre-la-situacion-economica-las-finanzas-publicas-y-la-deuda-publica-al-segundo-trimestre-de-2022\/#respond"]}]},{"@type":"WebPage","@id":"https:\/\/dsds.com.mx\/noticias-fiscales-2022-81-shcp-informes-sobre-la-situacion-economica-las-finanzas-publicas-y-la-deuda-publica-al-segundo-trimestre-de-2022\/","url":"https:\/\/dsds.com.mx\/noticias-fiscales-2022-81-shcp-informes-sobre-la-situacion-economica-las-finanzas-publicas-y-la-deuda-publica-al-segundo-trimestre-de-2022\/","name":"Contadores p\u00fablico | \u00a0Duran Silva Samano","isPartOf":{"@id":"https:\/\/dsds.com.mx\/#website"},"primaryImageOfPage":{"@id":"https:\/\/dsds.com.mx\/noticias-fiscales-2022-81-shcp-informes-sobre-la-situacion-economica-las-finanzas-publicas-y-la-deuda-publica-al-segundo-trimestre-de-2022\/#primaryimage"},"image":{"@id":"https:\/\/dsds.com.mx\/noticias-fiscales-2022-81-shcp-informes-sobre-la-situacion-economica-las-finanzas-publicas-y-la-deuda-publica-al-segundo-trimestre-de-2022\/#primaryimage"},"thumbnailUrl":"https:\/\/dsds.com.mx\/wp-content\/uploads\/2022\/08\/image-7.png","datePublished":"2022-08-03T15:23:31+00:00","dateModified":"2022-08-03T15:23:36+00:00","description":"La especializaci\u00f3n de nuestros directores y colaboradores garantizan el crecimiento y \u00e9xito de nuestra empresa brindando la mejor soluci\u00f3n para cada uno de nuestros clientes","breadcrumb":{"@id":"https:\/\/dsds.com.mx\/noticias-fiscales-2022-81-shcp-informes-sobre-la-situacion-economica-las-finanzas-publicas-y-la-deuda-publica-al-segundo-trimestre-de-2022\/#breadcrumb"},"inLanguage":"en-US","potentialAction":[{"@type":"ReadAction","target":["https:\/\/dsds.com.mx\/noticias-fiscales-2022-81-shcp-informes-sobre-la-situacion-economica-las-finanzas-publicas-y-la-deuda-publica-al-segundo-trimestre-de-2022\/"]}]},{"@type":"ImageObject","inLanguage":"en-US","@id":"https:\/\/dsds.com.mx\/noticias-fiscales-2022-81-shcp-informes-sobre-la-situacion-economica-las-finanzas-publicas-y-la-deuda-publica-al-segundo-trimestre-de-2022\/#primaryimage","url":"https:\/\/dsds.com.mx\/wp-content\/uploads\/2022\/08\/image-7.png","contentUrl":"https:\/\/dsds.com.mx\/wp-content\/uploads\/2022\/08\/image-7.png"},{"@type":"BreadcrumbList","@id":"https:\/\/dsds.com.mx\/noticias-fiscales-2022-81-shcp-informes-sobre-la-situacion-economica-las-finanzas-publicas-y-la-deuda-publica-al-segundo-trimestre-de-2022\/#breadcrumb","itemListElement":[{"@type":"ListItem","position":1,"name":"Inicio","item":"https:\/\/dsds.com.mx\/"},{"@type":"ListItem","position":2,"name":"NOTICIAS-FISCALES-2022-81 SHCP \/ Informes sobre la Situaci\u00f3n Econ\u00f3mica, las Finanzas P\u00fablicas y la Deuda P\u00fablica al segundo trimestre de 2022"}]},{"@type":"WebSite","@id":"https:\/\/dsds.com.mx\/#website","url":"https:\/\/dsds.com.mx\/","name":"Samano Duran Silva","description":"Contadores p\u00fablicos","publisher":{"@id":"https:\/\/dsds.com.mx\/#organization"},"potentialAction":[{"@type":"SearchAction","target":{"@type":"EntryPoint","urlTemplate":"https:\/\/dsds.com.mx\/?s={search_term_string}"},"query-input":{"@type":"PropertyValueSpecification","valueRequired":true,"valueName":"search_term_string"}}],"inLanguage":"en-US"},{"@type":"Organization","@id":"https:\/\/dsds.com.mx\/#organization","name":"Duran Silva Samano","url":"https:\/\/dsds.com.mx\/","logo":{"@type":"ImageObject","inLanguage":"en-US","@id":"https:\/\/dsds.com.mx\/#\/schema\/logo\/image\/","url":"https:\/\/dsds.com.mx\/wp-content\/uploads\/2022\/02\/cropped-duran-silva-samano-2.png","contentUrl":"https:\/\/dsds.com.mx\/wp-content\/uploads\/2022\/02\/cropped-duran-silva-samano-2.png","width":197,"height":75,"caption":"Duran Silva Samano"},"image":{"@id":"https:\/\/dsds.com.mx\/#\/schema\/logo\/image\/"}},{"@type":"Person","@id":"https:\/\/dsds.com.mx\/#\/schema\/person\/19f686523fe793bcd8c9f7087e870dc0","name":"DuranAdmin","url":"https:\/\/dsds.com.mx\/en\/author\/duranadmin\/"}]}},"_links":{"self":[{"href":"https:\/\/dsds.com.mx\/en\/wp-json\/wp\/v2\/posts\/2174","targetHints":{"allow":["GET"]}}],"collection":[{"href":"https:\/\/dsds.com.mx\/en\/wp-json\/wp\/v2\/posts"}],"about":[{"href":"https:\/\/dsds.com.mx\/en\/wp-json\/wp\/v2\/types\/post"}],"author":[{"embeddable":true,"href":"https:\/\/dsds.com.mx\/en\/wp-json\/wp\/v2\/users\/2"}],"replies":[{"embeddable":true,"href":"https:\/\/dsds.com.mx\/en\/wp-json\/wp\/v2\/comments?post=2174"}],"version-history":[{"count":1,"href":"https:\/\/dsds.com.mx\/en\/wp-json\/wp\/v2\/posts\/2174\/revisions"}],"predecessor-version":[{"id":2176,"href":"https:\/\/dsds.com.mx\/en\/wp-json\/wp\/v2\/posts\/2174\/revisions\/2176"}],"wp:attachment":[{"href":"https:\/\/dsds.com.mx\/en\/wp-json\/wp\/v2\/media?parent=2174"}],"wp:term":[{"taxonomy":"category","embeddable":true,"href":"https:\/\/dsds.com.mx\/en\/wp-json\/wp\/v2\/categories?post=2174"},{"taxonomy":"post_tag","embeddable":true,"href":"https:\/\/dsds.com.mx\/en\/wp-json\/wp\/v2\/tags?post=2174"}],"curies":[{"name":"wp","href":"https:\/\/api.w.org\/{rel}","templated":true}]}}